{"id":7793,"date":"2026-09-04T10:14:11","date_gmt":"2026-09-04T08:14:11","guid":{"rendered":"https:\/\/labolsadepapel.com\/?p=7793"},"modified":"2026-09-04T10:14:11","modified_gmt":"2026-09-04T08:14:11","slug":"os-novos-consumidores-nao-tem-idade","status":"publish","type":"post","link":"https:\/\/labolsadepapel.com\/pt-pt\/os-novos-consumidores-nao-tem-idade\/","title":{"rendered":"Os novos consumidores n\u00e3o t\u00eam idade"},"content":{"rendered":"<div class=\"fusion-fullwidth fullwidth-box fusion-builder-row-1 fusion-flex-container nonhundred-percent-fullwidth non-hundred-percent-height-scrolling\" style=\"--awb-border-radius-top-left:0px;--awb-border-radius-top-right:0px;--awb-border-radius-bottom-right:0px;--awb-border-radius-bottom-left:0px;--awb-flex-wrap:wrap;\" ><div class=\"fusion-builder-row fusion-row fusion-flex-align-items-flex-start fusion-flex-content-wrap\" style=\"max-width:1144px;margin-left: calc(-4% \/ 2 );margin-right: calc(-4% \/ 2 );\"><div class=\"fusion-layout-column fusion_builder_column fusion-builder-column-0 fusion_builder_column_1_1 1_1 fusion-flex-column\" style=\"--awb-bg-size:cover;--awb-width-large:100%;--awb-margin-top-large:0px;--awb-spacing-right-large:1.92%;--awb-margin-bottom-large:0px;--awb-spacing-left-large:1.92%;--awb-width-medium:100%;--awb-spacing-right-medium:1.92%;--awb-spacing-left-medium:1.92%;--awb-width-small:100%;--awb-spacing-right-small:1.92%;--awb-spacing-left-small:1.92%;\"><div class=\"fusion-column-wrapper fusion-flex-justify-content-flex-start fusion-content-layout-column\"><div class=\"fusion-text fusion-text-1\"><p><span style=\"font-weight: 400;\">Durante anos, falou-se dos novos consumidores como se pertencessem a uma gera\u00e7\u00e3o concreta. Foram descritos como jovens, digitais, impacientes, muito informados e especialmente preocupados com o ambiente.<\/span><\/p>\n<p><span style=\"font-weight: 400;\">Contudo, a transforma\u00e7\u00e3o dos h\u00e1bitos de consumo acabou por chegar a pessoas de todas as idades.<\/span><\/p>\n<p><span style=\"font-weight: 400;\">Hoje, uma pessoa mais velha pode comparar pre\u00e7os no telem\u00f3vel antes de entrar numa loja. Um consumidor jovem pode valorizar o atendimento personalizado de um pequeno com\u00e9rcio. Uma fam\u00edlia pode comprar online e levantar a encomenda num estabelecimento pr\u00f3ximo. E a mesma pessoa pode procurar rapidez numa compra, aconselhamento noutra e uma experi\u00eancia especialmente cuidada quando adquire algo importante.<\/span><\/p>\n<p><span style=\"font-weight: 400;\">O que \u00e9 verdadeiramente novo n\u00e3o \u00e9 a idade do consumidor. \u00c9 a forma como se relaciona com o com\u00e9rcio, com as marcas e com as decis\u00f5es que toma.<\/span><\/p>\n<h2>Mais informa\u00e7\u00e3o, mas tamb\u00e9m mais d\u00favidas<\/h2>\n<p><span style=\"font-weight: 400;\">Nunca tivemos tanta informa\u00e7\u00e3o dispon\u00edvel antes de comprar.<\/span><\/p>\n<p><span style=\"font-weight: 400;\">Podemos consultar opini\u00f5es, comparar produtos, analisar caracter\u00edsticas, conhecer a origem dos materiais e descobrir em poucos minutos o que outros consumidores pensam sobre uma empresa.<\/span><\/p>\n<p><span style=\"font-weight: 400;\">Mas dispor de mais informa\u00e7\u00e3o n\u00e3o significa necessariamente confiar mais.<\/span><\/p>\n<p><span style=\"font-weight: 400;\">A par de conte\u00fados \u00fateis, surgem avalia\u00e7\u00f5es falsas, descontos confusos, mensagens publicit\u00e1rias dif\u00edceis de distinguir de uma recomenda\u00e7\u00e3o e alega\u00e7\u00f5es ambientais que nem sempre podem ser verificadas. O consumidor aprendeu a orientar-se neste ambiente, mas tamb\u00e9m se tornou mais prudente.<\/span><\/p>\n<p><span style=\"font-weight: 400;\">J\u00e1 n\u00e3o recebe passivamente aquilo que uma marca lhe diz. Compara-o com a sua experi\u00eancia, com o que observa no estabelecimento e com as decis\u00f5es concretas que a empresa toma.<\/span><\/p>\n<h2>A sustentabilidade \u00e9 importante, mas n\u00e3o \u00e9 suficiente<\/h2>\n<p><span style=\"font-weight: 400;\">O consumidor atual continua preocupado com as altera\u00e7\u00f5es clim\u00e1ticas e com as consequ\u00eancias ambientais das suas decis\u00f5es, mas essa preocupa\u00e7\u00e3o coexiste com o pre\u00e7o, a comodidade, a funcionalidade e a necessidade de fazer face \u00e0s despesas at\u00e9 ao fim do m\u00eas.<\/span><\/p>\n<p><span style=\"font-weight: 400;\">O Painel de Avalia\u00e7\u00e3o das Condi\u00e7\u00f5es dos Consumidores da Comiss\u00e3o Europeia demonstra esta complexidade. As considera\u00e7\u00f5es ambientais estiveram presentes em 43% das decis\u00f5es de compra em 2024, menos treze pontos percentuais do que em 2022. A pr\u00f3pria Comiss\u00e3o relaciona esta descida com o aumento do custo de vida e com a falta de confian\u00e7a em muitas alega\u00e7\u00f5es ambientais. Ao mesmo tempo, 81% dos europeus apoiam o objetivo de alcan\u00e7ar a neutralidade clim\u00e1tica at\u00e9 2050 e 59% afirmam ter adotado recentemente alguma medida para combater as altera\u00e7\u00f5es clim\u00e1ticas. Os dados n\u00e3o revelam indiferen\u00e7a, mas mostram um consumidor que procura conciliar as suas convic\u00e7\u00f5es com as suas possibilidades e que exige maior credibilidade.<\/span><\/p>\n<p><span style=\"font-weight: 400;\">A sustentabilidade, por conseguinte, n\u00e3o pode ser apresentada como uma qualidade isolada capaz de compensar tudo o resto.<\/span><\/p>\n<p><span style=\"font-weight: 400;\">Um produto tem de funcionar. Um servi\u00e7o tem de ser c\u00f3modo. O pre\u00e7o tem de ser razo\u00e1vel. E qualquer alega\u00e7\u00e3o ambiental deve apoiar-se em factos compreens\u00edveis e verific\u00e1veis.<\/span><\/p>\n<h2>Quer solu\u00e7\u00f5es, n\u00e3o apar\u00eancias<\/h2>\n<p><span style=\"font-weight: 400;\">Esta mudan\u00e7a afeta tamb\u00e9m o saco que o consumidor recebe no final da compra.<\/span><\/p>\n<p><span style=\"font-weight: 400;\">O consumidor n\u00e3o precisa de um saco que pare\u00e7a sustent\u00e1vel. Precisa de um saco que cumpra corretamente a sua fun\u00e7\u00e3o, proteja os produtos, suporte o peso, seja c\u00f3modo e possa voltar a ser utilizado sempre que poss\u00edvel.<\/span><\/p>\n<p><span style=\"font-weight: 400;\">A escolha do material importa, mas tamb\u00e9m importam o design, a resist\u00eancia, o tamanho adequado e a quantidade de material utilizada.<\/span><\/p>\n<p><span style=\"font-weight: 400;\">O saco de papel re\u00fane precisamente estas duas dimens\u00f5es. \u00c9 uma solu\u00e7\u00e3o pr\u00e1tica para transportar a compra e, ao mesmo tempo, uma escolha de material coerente com uma economia que pretende utilizar recursos renov\u00e1veis e mant\u00ea-los em circula\u00e7\u00e3o.<\/span><\/p>\n<p><span style=\"font-weight: 400;\">O seu valor ambiental n\u00e3o decorre de imprimir uma folha de \u00e1rvore, utilizar a cor verde ou acrescentar uma palavra inspiradora. Decorre da sua mat\u00e9ria-prima, da forma como \u00e9 fabricado, da sua capacidade para cumprir a fun\u00e7\u00e3o para a qual foi concebido e da posterior recupera\u00e7\u00e3o das suas fibras atrav\u00e9s da reciclagem.<\/span><\/p>\n<p><span style=\"font-weight: 400;\">A Europa est\u00e1 a transformar esta exig\u00eancia de rigor numa nova regra de mercado. A diretiva europeia que capacita os consumidores para a transi\u00e7\u00e3o ecol\u00f3gica, aplic\u00e1vel a partir de 27 de setembro de 2026, refor\u00e7a a prote\u00e7\u00e3o contra o\u00a0<\/span><i><span style=\"font-weight: 400;\">greenwashing<\/span><\/i><span style=\"font-weight: 400;\">\u00a0e contra alega\u00e7\u00f5es ambientais gen\u00e9ricas que n\u00e3o possam ser devidamente fundamentadas.<\/span><\/p>\n<h2>O saco surge no momento da verdade<\/h2>\n<p><span style=\"font-weight: 400;\">A entrega do saco pode parecer um pormenor menor na experi\u00eancia de compra. Contudo, acontece num momento especialmente significativo: quando o estabelecimento conclui o servi\u00e7o e o cliente se prepara para sair.<\/span><\/p>\n<p><span style=\"font-weight: 400;\">Perguntar se precisa de um saco evita utiliz\u00e1-lo desnecessariamente e devolve valor \u00e0quilo que \u00e9 entregue.<\/span><\/p>\n<p><span style=\"font-weight: 400;\">Quando \u00e9 necess\u00e1rio, o saco tem de corresponder. Deve adaptar-se \u00e0 compra, facilitar o seu transporte e prolongar, fora do estabelecimento, o cuidado com que o com\u00e9rcio atendeu o cliente.<\/span><\/p>\n<p><span style=\"font-weight: 400;\">O saco acompanha a pessoa pela rua, chega a sua casa e pode voltar a ser utilizado. Durante esse percurso, d\u00e1 tamb\u00e9m visibilidade ao estabelecimento que o entregou.<\/span><\/p>\n<p><span style=\"font-weight: 400;\">N\u00e3o substitui um bom produto nem um bom atendimento. Tamb\u00e9m n\u00e3o demonstra, por si s\u00f3, toda a pol\u00edtica ambiental de uma empresa. Mas pode tornar-se uma express\u00e3o concreta das suas escolhas.<\/span><\/p>\n<h2>Coer\u00eancia antes da perfei\u00e7\u00e3o<\/h2>\n<p><span style=\"font-weight: 400;\">Os novos consumidores n\u00e3o esperam necessariamente empresas perfeitas. Sabem que qualquer atividade econ\u00f3mica utiliza recursos e gera impactos.<\/span><\/p>\n<p><span style=\"font-weight: 400;\">O que rejeitam, com uma clareza cada vez maior, \u00e9 a contradi\u00e7\u00e3o.<\/span><\/p>\n<p><span style=\"font-weight: 400;\">Desconfiam de uma empresa que fala de sustentabilidade enquanto mant\u00e9m pr\u00e1ticas que n\u00e3o correspondem a esse discurso. E valorizam aquela que explica com simplicidade o que faz, reconhece o que ainda tem de melhorar e toma decis\u00f5es compreens\u00edveis.<\/span><\/p>\n<p><span style=\"font-weight: 400;\">O saco de papel pode fazer parte dessa coer\u00eancia.<\/span><\/p>\n<p><span style=\"font-weight: 400;\">N\u00e3o precisa de prometer mais do que aquilo que \u00e9. Basta cumprir bem a sua fun\u00e7\u00e3o, provir de um recurso renov\u00e1vel gerido de forma respons\u00e1vel, poder ser reutilizado quando o seu estado o permite e entrar depois num sistema de reciclagem amplamente implementado.<\/span><\/p>\n<p><span style=\"font-weight: 400;\">O novo consumidor n\u00e3o pede que o conven\u00e7am com grandes palavras.<\/span><\/p>\n<p><span style=\"font-weight: 400;\">Quer verificar que cada escolha faz sentido.<\/span><\/p>\n<\/div><\/div><\/div><\/div><\/div>\n","protected":false},"excerpt":{"rendered":"","protected":false},"author":3,"featured_media":7801,"comment_status":"open","ping_status":"open","sticky":false,"template":"","format":"standard","meta":{"footnotes":""},"categories":[56],"tags":[],"class_list":["post-7793","post","type-post","status-publish","format-standard","has-post-thumbnail","hentry","category-blog-pt"],"yoast_head":"<!-- This site is optimized with the Yoast SEO plugin v27.5 - https:\/\/yoast.com\/product\/yoast-seo-wordpress\/ -->\n<title>Os novos consumidores n\u00e3o t\u00eam idade - La bolsa de papel<\/title>\n<meta name=\"description\" content=\"O PPWR aplica-se a partir de 12 de agosto de 2026. Saiba o que muda para o saco de papel: declara\u00e7\u00e3o de conformidade, reciclabilidade mensur\u00e1vel e nova rotulagem.\" \/>\n<meta name=\"robots\" content=\"index, follow, max-snippet:-1, max-image-preview:large, max-video-preview:-1\" \/>\n<link rel=\"canonical\" href=\"https:\/\/labolsadepapel.com\/pt-pt\/os-novos-consumidores-nao-tem-idade\/\" \/>\n<meta property=\"og:locale\" content=\"pt_PT\" \/>\n<meta property=\"og:type\" content=\"article\" \/>\n<meta property=\"og:title\" content=\"Os novos consumidores n\u00e3o t\u00eam idade - La bolsa de papel\" \/>\n<meta property=\"og:description\" content=\"O PPWR aplica-se a partir de 12 de agosto de 2026. Saiba o que muda para o saco de papel: declara\u00e7\u00e3o de conformidade, reciclabilidade mensur\u00e1vel e nova rotulagem.\" \/>\n<meta property=\"og:url\" content=\"https:\/\/labolsadepapel.com\/pt-pt\/os-novos-consumidores-nao-tem-idade\/\" \/>\n<meta property=\"og:site_name\" content=\"La bolsa de papel\" \/>\n<meta property=\"article:publisher\" content=\"https:\/\/www.facebook.com\/Frenamos-El-Cambio-Clim%c3%a1tico-133523010060832\" \/>\n<meta property=\"article:published_time\" content=\"2026-09-04T08:14:11+00:00\" \/>\n<meta property=\"og:image\" content=\"https:\/\/labolsadepapel.com\/wp-content\/uploads\/2026\/09\/consumidores-diversas-edades.webp\" \/>\n\t<meta property=\"og:image:width\" content=\"1536\" \/>\n\t<meta property=\"og:image:height\" content=\"1024\" \/>\n\t<meta property=\"og:image:type\" content=\"image\/webp\" \/>\n<meta name=\"author\" content=\"Sergio S\u00e1nchez\" \/>\n<meta name=\"twitter:card\" content=\"summary_large_image\" \/>\n<meta name=\"twitter:creator\" content=\"@juegatupapel\" \/>\n<meta name=\"twitter:site\" content=\"@juegatupapel\" \/>\n<meta name=\"twitter:label1\" content=\"Written by\" \/>\n\t<meta name=\"twitter:data1\" content=\"Sergio S\u00e1nchez\" \/>\n\t<meta name=\"twitter:label2\" content=\"Est. reading time\" \/>\n\t<meta name=\"twitter:data2\" content=\"4 minutes\" \/>\n<script type=\"application\/ld+json\" class=\"yoast-schema-graph\">{\"@context\":\"https:\\\/\\\/schema.org\",\"@graph\":[{\"@type\":\"Article\",\"@id\":\"https:\\\/\\\/labolsadepapel.com\\\/pt-pt\\\/os-novos-consumidores-nao-tem-idade\\\/#article\",\"isPartOf\":{\"@id\":\"https:\\\/\\\/labolsadepapel.com\\\/pt-pt\\\/os-novos-consumidores-nao-tem-idade\\\/\"},\"author\":{\"name\":\"Sergio S\u00e1nchez\",\"@id\":\"https:\\\/\\\/labolsadepapel.com\\\/#\\\/schema\\\/person\\\/b82b1f40b23b40b3508d907f9e02d9fc\"},\"headline\":\"Os novos consumidores n\u00e3o t\u00eam idade\",\"datePublished\":\"2026-09-04T08:14:11+00:00\",\"mainEntityOfPage\":{\"@id\":\"https:\\\/\\\/labolsadepapel.com\\\/pt-pt\\\/os-novos-consumidores-nao-tem-idade\\\/\"},\"wordCount\":1379,\"commentCount\":0,\"image\":{\"@id\":\"https:\\\/\\\/labolsadepapel.com\\\/pt-pt\\\/os-novos-consumidores-nao-tem-idade\\\/#primaryimage\"},\"thumbnailUrl\":\"https:\\\/\\\/labolsadepapel.com\\\/wp-content\\\/uploads\\\/2026\\\/09\\\/consumidores-diversas-edades.webp\",\"articleSection\":[\"Blog\"],\"inLanguage\":\"pt-PT\",\"potentialAction\":[{\"@type\":\"CommentAction\",\"name\":\"Comment\",\"target\":[\"https:\\\/\\\/labolsadepapel.com\\\/pt-pt\\\/os-novos-consumidores-nao-tem-idade\\\/#respond\"]}]},{\"@type\":\"WebPage\",\"@id\":\"https:\\\/\\\/labolsadepapel.com\\\/pt-pt\\\/os-novos-consumidores-nao-tem-idade\\\/\",\"url\":\"https:\\\/\\\/labolsadepapel.com\\\/pt-pt\\\/os-novos-consumidores-nao-tem-idade\\\/\",\"name\":\"Os novos consumidores n\u00e3o t\u00eam idade - La bolsa de papel\",\"isPartOf\":{\"@id\":\"https:\\\/\\\/labolsadepapel.com\\\/#website\"},\"primaryImageOfPage\":{\"@id\":\"https:\\\/\\\/labolsadepapel.com\\\/pt-pt\\\/os-novos-consumidores-nao-tem-idade\\\/#primaryimage\"},\"image\":{\"@id\":\"https:\\\/\\\/labolsadepapel.com\\\/pt-pt\\\/os-novos-consumidores-nao-tem-idade\\\/#primaryimage\"},\"thumbnailUrl\":\"https:\\\/\\\/labolsadepapel.com\\\/wp-content\\\/uploads\\\/2026\\\/09\\\/consumidores-diversas-edades.webp\",\"datePublished\":\"2026-09-04T08:14:11+00:00\",\"author\":{\"@id\":\"https:\\\/\\\/labolsadepapel.com\\\/#\\\/schema\\\/person\\\/b82b1f40b23b40b3508d907f9e02d9fc\"},\"description\":\"O PPWR aplica-se a partir de 12 de agosto de 2026. Saiba o que muda para o saco de papel: declara\u00e7\u00e3o de conformidade, reciclabilidade mensur\u00e1vel e nova rotulagem.\",\"breadcrumb\":{\"@id\":\"https:\\\/\\\/labolsadepapel.com\\\/pt-pt\\\/os-novos-consumidores-nao-tem-idade\\\/#breadcrumb\"},\"inLanguage\":\"pt-PT\",\"potentialAction\":[{\"@type\":\"ReadAction\",\"target\":[\"https:\\\/\\\/labolsadepapel.com\\\/pt-pt\\\/os-novos-consumidores-nao-tem-idade\\\/\"]}]},{\"@type\":\"ImageObject\",\"inLanguage\":\"pt-PT\",\"@id\":\"https:\\\/\\\/labolsadepapel.com\\\/pt-pt\\\/os-novos-consumidores-nao-tem-idade\\\/#primaryimage\",\"url\":\"https:\\\/\\\/labolsadepapel.com\\\/wp-content\\\/uploads\\\/2026\\\/09\\\/consumidores-diversas-edades.webp\",\"contentUrl\":\"https:\\\/\\\/labolsadepapel.com\\\/wp-content\\\/uploads\\\/2026\\\/09\\\/consumidores-diversas-edades.webp\",\"width\":1536,\"height\":1024,\"caption\":\"Personas de de distintas edades, desde ni\u00f1os a ancianos, paseando con bolsas de papel\"},{\"@type\":\"BreadcrumbList\",\"@id\":\"https:\\\/\\\/labolsadepapel.com\\\/pt-pt\\\/os-novos-consumidores-nao-tem-idade\\\/#breadcrumb\",\"itemListElement\":[{\"@type\":\"ListItem\",\"position\":1,\"name\":\"Portada\",\"item\":\"https:\\\/\\\/labolsadepapel.com\\\/pt-pt\\\/\"},{\"@type\":\"ListItem\",\"position\":2,\"name\":\"Os novos consumidores n\u00e3o t\u00eam idade\"}]},{\"@type\":\"WebSite\",\"@id\":\"https:\\\/\\\/labolsadepapel.com\\\/#website\",\"url\":\"https:\\\/\\\/labolsadepapel.com\\\/\",\"name\":\"La bolsa de papel\",\"description\":\"Con la bolsa juega tu papel\",\"potentialAction\":[{\"@type\":\"SearchAction\",\"target\":{\"@type\":\"EntryPoint\",\"urlTemplate\":\"https:\\\/\\\/labolsadepapel.com\\\/?s={search_term_string}\"},\"query-input\":{\"@type\":\"PropertyValueSpecification\",\"valueRequired\":true,\"valueName\":\"search_term_string\"}}],\"inLanguage\":\"pt-PT\"},{\"@type\":\"Person\",\"@id\":\"https:\\\/\\\/labolsadepapel.com\\\/#\\\/schema\\\/person\\\/b82b1f40b23b40b3508d907f9e02d9fc\",\"name\":\"Sergio S\u00e1nchez\",\"image\":{\"@type\":\"ImageObject\",\"inLanguage\":\"pt-PT\",\"@id\":\"https:\\\/\\\/secure.gravatar.com\\\/avatar\\\/9f13b7fe94ac362d638de722efb846c918d83788f99c1660dc2b9a1edff7a610?s=96&d=mm&r=g\",\"url\":\"https:\\\/\\\/secure.gravatar.com\\\/avatar\\\/9f13b7fe94ac362d638de722efb846c918d83788f99c1660dc2b9a1edff7a610?s=96&d=mm&r=g\",\"contentUrl\":\"https:\\\/\\\/secure.gravatar.com\\\/avatar\\\/9f13b7fe94ac362d638de722efb846c918d83788f99c1660dc2b9a1edff7a610?s=96&d=mm&r=g\",\"caption\":\"Sergio S\u00e1nchez\"}}]}<\/script>\n<!-- \/ Yoast SEO plugin. -->","yoast_head_json":{"title":"Os novos consumidores n\u00e3o t\u00eam idade - La bolsa de papel","description":"O PPWR aplica-se a partir de 12 de agosto de 2026. Saiba o que muda para o saco de papel: declara\u00e7\u00e3o de conformidade, reciclabilidade mensur\u00e1vel e nova rotulagem.","robots":{"index":"index","follow":"follow","max-snippet":"max-snippet:-1","max-image-preview":"max-image-preview:large","max-video-preview":"max-video-preview:-1"},"canonical":"https:\/\/labolsadepapel.com\/pt-pt\/os-novos-consumidores-nao-tem-idade\/","og_locale":"pt_PT","og_type":"article","og_title":"Os novos consumidores n\u00e3o t\u00eam idade - La bolsa de papel","og_description":"O PPWR aplica-se a partir de 12 de agosto de 2026. Saiba o que muda para o saco de papel: declara\u00e7\u00e3o de conformidade, reciclabilidade mensur\u00e1vel e nova rotulagem.","og_url":"https:\/\/labolsadepapel.com\/pt-pt\/os-novos-consumidores-nao-tem-idade\/","og_site_name":"La bolsa de papel","article_publisher":"https:\/\/www.facebook.com\/Frenamos-El-Cambio-Clim%c3%a1tico-133523010060832","article_published_time":"2026-09-04T08:14:11+00:00","og_image":[{"width":1536,"height":1024,"url":"https:\/\/labolsadepapel.com\/wp-content\/uploads\/2026\/09\/consumidores-diversas-edades.webp","type":"image\/webp"}],"author":"Sergio S\u00e1nchez","twitter_card":"summary_large_image","twitter_creator":"@juegatupapel","twitter_site":"@juegatupapel","twitter_misc":{"Written by":"Sergio S\u00e1nchez","Est. reading time":"4 minutes"},"schema":{"@context":"https:\/\/schema.org","@graph":[{"@type":"Article","@id":"https:\/\/labolsadepapel.com\/pt-pt\/os-novos-consumidores-nao-tem-idade\/#article","isPartOf":{"@id":"https:\/\/labolsadepapel.com\/pt-pt\/os-novos-consumidores-nao-tem-idade\/"},"author":{"name":"Sergio S\u00e1nchez","@id":"https:\/\/labolsadepapel.com\/#\/schema\/person\/b82b1f40b23b40b3508d907f9e02d9fc"},"headline":"Os novos consumidores n\u00e3o t\u00eam idade","datePublished":"2026-09-04T08:14:11+00:00","mainEntityOfPage":{"@id":"https:\/\/labolsadepapel.com\/pt-pt\/os-novos-consumidores-nao-tem-idade\/"},"wordCount":1379,"commentCount":0,"image":{"@id":"https:\/\/labolsadepapel.com\/pt-pt\/os-novos-consumidores-nao-tem-idade\/#primaryimage"},"thumbnailUrl":"https:\/\/labolsadepapel.com\/wp-content\/uploads\/2026\/09\/consumidores-diversas-edades.webp","articleSection":["Blog"],"inLanguage":"pt-PT","potentialAction":[{"@type":"CommentAction","name":"Comment","target":["https:\/\/labolsadepapel.com\/pt-pt\/os-novos-consumidores-nao-tem-idade\/#respond"]}]},{"@type":"WebPage","@id":"https:\/\/labolsadepapel.com\/pt-pt\/os-novos-consumidores-nao-tem-idade\/","url":"https:\/\/labolsadepapel.com\/pt-pt\/os-novos-consumidores-nao-tem-idade\/","name":"Os novos consumidores n\u00e3o t\u00eam idade - La bolsa de papel","isPartOf":{"@id":"https:\/\/labolsadepapel.com\/#website"},"primaryImageOfPage":{"@id":"https:\/\/labolsadepapel.com\/pt-pt\/os-novos-consumidores-nao-tem-idade\/#primaryimage"},"image":{"@id":"https:\/\/labolsadepapel.com\/pt-pt\/os-novos-consumidores-nao-tem-idade\/#primaryimage"},"thumbnailUrl":"https:\/\/labolsadepapel.com\/wp-content\/uploads\/2026\/09\/consumidores-diversas-edades.webp","datePublished":"2026-09-04T08:14:11+00:00","author":{"@id":"https:\/\/labolsadepapel.com\/#\/schema\/person\/b82b1f40b23b40b3508d907f9e02d9fc"},"description":"O PPWR aplica-se a partir de 12 de agosto de 2026. Saiba o que muda para o saco de papel: declara\u00e7\u00e3o de conformidade, reciclabilidade mensur\u00e1vel e nova rotulagem.","breadcrumb":{"@id":"https:\/\/labolsadepapel.com\/pt-pt\/os-novos-consumidores-nao-tem-idade\/#breadcrumb"},"inLanguage":"pt-PT","potentialAction":[{"@type":"ReadAction","target":["https:\/\/labolsadepapel.com\/pt-pt\/os-novos-consumidores-nao-tem-idade\/"]}]},{"@type":"ImageObject","inLanguage":"pt-PT","@id":"https:\/\/labolsadepapel.com\/pt-pt\/os-novos-consumidores-nao-tem-idade\/#primaryimage","url":"https:\/\/labolsadepapel.com\/wp-content\/uploads\/2026\/09\/consumidores-diversas-edades.webp","contentUrl":"https:\/\/labolsadepapel.com\/wp-content\/uploads\/2026\/09\/consumidores-diversas-edades.webp","width":1536,"height":1024,"caption":"Personas de de distintas edades, desde ni\u00f1os a ancianos, paseando con bolsas de papel"},{"@type":"BreadcrumbList","@id":"https:\/\/labolsadepapel.com\/pt-pt\/os-novos-consumidores-nao-tem-idade\/#breadcrumb","itemListElement":[{"@type":"ListItem","position":1,"name":"Portada","item":"https:\/\/labolsadepapel.com\/pt-pt\/"},{"@type":"ListItem","position":2,"name":"Os novos consumidores n\u00e3o t\u00eam idade"}]},{"@type":"WebSite","@id":"https:\/\/labolsadepapel.com\/#website","url":"https:\/\/labolsadepapel.com\/","name":"La bolsa de papel","description":"Con la bolsa juega tu papel","potentialAction":[{"@type":"SearchAction","target":{"@type":"EntryPoint","urlTemplate":"https:\/\/labolsadepapel.com\/?s={search_term_string}"},"query-input":{"@type":"PropertyValueSpecification","valueRequired":true,"valueName":"search_term_string"}}],"inLanguage":"pt-PT"},{"@type":"Person","@id":"https:\/\/labolsadepapel.com\/#\/schema\/person\/b82b1f40b23b40b3508d907f9e02d9fc","name":"Sergio S\u00e1nchez","image":{"@type":"ImageObject","inLanguage":"pt-PT","@id":"https:\/\/secure.gravatar.com\/avatar\/9f13b7fe94ac362d638de722efb846c918d83788f99c1660dc2b9a1edff7a610?s=96&d=mm&r=g","url":"https:\/\/secure.gravatar.com\/avatar\/9f13b7fe94ac362d638de722efb846c918d83788f99c1660dc2b9a1edff7a610?s=96&d=mm&r=g","contentUrl":"https:\/\/secure.gravatar.com\/avatar\/9f13b7fe94ac362d638de722efb846c918d83788f99c1660dc2b9a1edff7a610?s=96&d=mm&r=g","caption":"Sergio S\u00e1nchez"}}]}},"_links":{"self":[{"href":"https:\/\/labolsadepapel.com\/pt-pt\/wp-json\/wp\/v2\/posts\/7793","targetHints":{"allow":["GET"]}}],"collection":[{"href":"https:\/\/labolsadepapel.com\/pt-pt\/wp-json\/wp\/v2\/posts"}],"about":[{"href":"https:\/\/labolsadepapel.com\/pt-pt\/wp-json\/wp\/v2\/types\/post"}],"author":[{"embeddable":true,"href":"https:\/\/labolsadepapel.com\/pt-pt\/wp-json\/wp\/v2\/users\/3"}],"replies":[{"embeddable":true,"href":"https:\/\/labolsadepapel.com\/pt-pt\/wp-json\/wp\/v2\/comments?post=7793"}],"version-history":[{"count":1,"href":"https:\/\/labolsadepapel.com\/pt-pt\/wp-json\/wp\/v2\/posts\/7793\/revisions"}],"predecessor-version":[{"id":7805,"href":"https:\/\/labolsadepapel.com\/pt-pt\/wp-json\/wp\/v2\/posts\/7793\/revisions\/7805"}],"wp:featuredmedia":[{"embeddable":true,"href":"https:\/\/labolsadepapel.com\/pt-pt\/wp-json\/wp\/v2\/media\/7801"}],"wp:attachment":[{"href":"https:\/\/labolsadepapel.com\/pt-pt\/wp-json\/wp\/v2\/media?parent=7793"}],"wp:term":[{"taxonomy":"category","embeddable":true,"href":"https:\/\/labolsadepapel.com\/pt-pt\/wp-json\/wp\/v2\/categories?post=7793"},{"taxonomy":"post_tag","embeddable":true,"href":"https:\/\/labolsadepapel.com\/pt-pt\/wp-json\/wp\/v2\/tags?post=7793"}],"curies":[{"name":"wp","href":"https:\/\/api.w.org\/{rel}","templated":true}]}}