{"id":7792,"date":"2026-09-04T10:13:04","date_gmt":"2026-09-04T08:13:04","guid":{"rendered":"https:\/\/labolsadepapel.com\/?p=7792"},"modified":"2026-09-04T10:13:04","modified_gmt":"2026-09-04T08:13:04","slug":"les-nouveaux-consommateurs-nont-pas-age","status":"publish","type":"post","link":"https:\/\/labolsadepapel.com\/fr\/les-nouveaux-consommateurs-nont-pas-age\/","title":{"rendered":"Les nouveaux consommateurs n\u2019ont pas d\u2019\u00e2ge"},"content":{"rendered":"<div class=\"fusion-fullwidth fullwidth-box fusion-builder-row-1 fusion-flex-container nonhundred-percent-fullwidth non-hundred-percent-height-scrolling\" style=\"--awb-border-radius-top-left:0px;--awb-border-radius-top-right:0px;--awb-border-radius-bottom-right:0px;--awb-border-radius-bottom-left:0px;--awb-flex-wrap:wrap;\" ><div class=\"fusion-builder-row fusion-row fusion-flex-align-items-flex-start fusion-flex-content-wrap\" style=\"max-width:1144px;margin-left: calc(-4% \/ 2 );margin-right: calc(-4% \/ 2 );\"><div class=\"fusion-layout-column fusion_builder_column fusion-builder-column-0 fusion_builder_column_1_1 1_1 fusion-flex-column\" style=\"--awb-bg-size:cover;--awb-width-large:100%;--awb-margin-top-large:0px;--awb-spacing-right-large:1.92%;--awb-margin-bottom-large:0px;--awb-spacing-left-large:1.92%;--awb-width-medium:100%;--awb-spacing-right-medium:1.92%;--awb-spacing-left-medium:1.92%;--awb-width-small:100%;--awb-spacing-right-small:1.92%;--awb-spacing-left-small:1.92%;\"><div class=\"fusion-column-wrapper fusion-flex-justify-content-flex-start fusion-content-layout-column\"><div class=\"fusion-text fusion-text-1\"><p><span style=\"font-weight: 400;\">Pendant des ann\u00e9es, on a parl\u00e9 des nouveaux consommateurs comme s\u2019ils appartenaient \u00e0 une g\u00e9n\u00e9ration bien pr\u00e9cise. Ils ont \u00e9t\u00e9 d\u00e9crits comme jeunes, connect\u00e9s, impatients, tr\u00e8s inform\u00e9s et particuli\u00e8rement pr\u00e9occup\u00e9s par l\u2019environnement.<\/span><\/p>\n<p><span style=\"font-weight: 400;\">Pourtant, la transformation des modes de consommation a fini par toucher des personnes de tous \u00e2ges.<\/span><\/p>\n<p><span style=\"font-weight: 400;\">Aujourd\u2019hui, une personne \u00e2g\u00e9e peut comparer les prix sur son t\u00e9l\u00e9phone avant d\u2019entrer dans un magasin. Un jeune consommateur peut appr\u00e9cier l\u2019attention personnalis\u00e9e d\u2019un petit commerce. Une famille peut acheter en ligne et retirer sa commande dans un \u00e9tablissement proche. Et une m\u00eame personne peut rechercher la rapidit\u00e9 pour un achat, le conseil pour un autre et une exp\u00e9rience particuli\u00e8rement soign\u00e9e lorsqu\u2019elle acquiert quelque chose d\u2019important.<\/span><\/p>\n<p><span style=\"font-weight: 400;\">Ce qui est v\u00e9ritablement nouveau, ce n\u2019est pas l\u2019\u00e2ge du consommateur. C\u2019est sa mani\u00e8re d\u2019interagir avec les commerces, les marques et les choix qu\u2019il effectue.<\/span><\/p>\n<h2>Plus d\u2019informations, mais aussi davantage de doutes<\/h2>\n<p><span style=\"font-weight: 400;\">Jamais nous n\u2019avons dispos\u00e9 d\u2019autant d\u2019informations avant d\u2019acheter.<\/span><\/p>\n<p><span style=\"font-weight: 400;\">Nous pouvons consulter des avis, comparer des produits, examiner leurs caract\u00e9ristiques, conna\u00eetre l\u2019origine des mat\u00e9riaux et d\u00e9couvrir en quelques minutes ce que d\u2019autres consommateurs pensent d\u2019une entreprise.<\/span><\/p>\n<p><span style=\"font-weight: 400;\">Mais disposer de davantage d\u2019informations ne signifie pas n\u00e9cessairement accorder davantage de confiance.<\/span><\/p>\n<p><span style=\"font-weight: 400;\">\u00c0 c\u00f4t\u00e9 des contenus utiles, on trouve de faux avis, des remises difficiles \u00e0 comprendre, des messages publicitaires difficiles \u00e0 distinguer d\u2019une recommandation et des all\u00e9gations environnementales qui ne peuvent pas toujours \u00eatre v\u00e9rifi\u00e9es. Le consommateur a appris \u00e0 se rep\u00e9rer dans cet environnement, mais il est \u00e9galement devenu plus prudent.<\/span><\/p>\n<p><span style=\"font-weight: 400;\">Il ne re\u00e7oit plus passivement ce qu\u2019une marque lui dit. Il le confronte \u00e0 son exp\u00e9rience, \u00e0 ce qu\u2019il observe dans le point de vente et aux d\u00e9cisions concr\u00e8tes prises par l\u2019entreprise.<\/span><\/p>\n<h2>La durabilit\u00e9 compte, mais elle ne suffit pas<\/h2>\n<p><span style=\"font-weight: 400;\">Le consommateur actuel reste pr\u00e9occup\u00e9 par le changement climatique et par les cons\u00e9quences environnementales de ses choix, mais cette pr\u00e9occupation coexiste avec le prix, la commodit\u00e9, la fonctionnalit\u00e9 et la n\u00e9cessit\u00e9 de boucler son budget \u00e0 la fin du mois.<\/span><\/p>\n<p><span style=\"font-weight: 400;\">Le tableau de bord des conditions de consommation de la Commission europ\u00e9enne met en \u00e9vidence cette complexit\u00e9. Les consid\u00e9rations environnementales sont intervenues dans 43 % des d\u00e9cisions d\u2019achat en 2024, soit treize points de moins qu\u2019en 2022. La Commission elle-m\u00eame relie ce recul \u00e0 l\u2019augmentation du co\u00fbt de la vie et au manque de confiance dans de nombreuses all\u00e9gations environnementales. Dans le m\u00eame temps, 81 % des Europ\u00e9ens soutiennent l\u2019objectif de neutralit\u00e9 climatique \u00e0 l\u2019horizon 2050 et 59 % d\u00e9clarent avoir r\u00e9cemment pris des mesures pour lutter contre le changement climatique. Ces chiffres ne traduisent pas une indiff\u00e9rence, mais d\u00e9crivent un consommateur qui tente de concilier ses convictions avec ses possibilit\u00e9s et qui exige davantage de cr\u00e9dibilit\u00e9.<\/span><\/p>\n<p><span style=\"font-weight: 400;\">La durabilit\u00e9 ne peut donc pas \u00eatre pr\u00e9sent\u00e9e comme une qualit\u00e9 isol\u00e9e capable de tout compenser.<\/span><\/p>\n<p><span style=\"font-weight: 400;\">Un produit doit fonctionner. Un service doit \u00eatre pratique. Le prix doit \u00eatre raisonnable. Et toute all\u00e9gation environnementale doit reposer sur des faits compr\u00e9hensibles et v\u00e9rifiables.<\/span><\/p>\n<h2>Il veut des solutions, pas du para\u00eetre<\/h2>\n<p><span style=\"font-weight: 400;\">Ce changement concerne \u00e9galement le sac qui lui est remis \u00e0 la fin de son achat.<\/span><\/p>\n<p><span style=\"font-weight: 400;\">Le consommateur n\u2019a pas besoin d\u2019un sac qui ait simplement l\u2019air durable. Il a besoin d\u2019un sac qui remplisse correctement sa fonction, prot\u00e8ge les produits, supporte leur poids, soit pratique et puisse \u00eatre r\u00e9utilis\u00e9 lorsque cela est possible.<\/span><\/p>\n<p><span style=\"font-weight: 400;\">Le choix du mat\u00e9riau compte, mais aussi la conception, la r\u00e9sistance, des dimensions adapt\u00e9es et la quantit\u00e9 de mati\u00e8re utilis\u00e9e.<\/span><\/p>\n<p><span style=\"font-weight: 400;\">Le sac en papier r\u00e9unit pr\u00e9cis\u00e9ment ces deux dimensions. Il constitue une solution pratique pour transporter les achats et, en m\u00eame temps, un choix de mat\u00e9riau coh\u00e9rent avec une \u00e9conomie qui cherche \u00e0 utiliser des ressources renouvelables et \u00e0 les maintenir en circulation.<\/span><\/p>\n<p><span style=\"font-weight: 400;\">Sa valeur environnementale ne vient pas du fait d\u2019y imprimer une feuille d\u2019arbre, d\u2019utiliser la couleur verte ou d\u2019ajouter un mot inspirant. Elle d\u00e9coule de sa mati\u00e8re premi\u00e8re, de la mani\u00e8re dont il est fabriqu\u00e9, de sa capacit\u00e9 \u00e0 remplir la fonction pour laquelle il a \u00e9t\u00e9 con\u00e7u et de la r\u00e9cup\u00e9ration ult\u00e9rieure de ses fibres gr\u00e2ce au recyclage.<\/span><\/p>\n<p><span style=\"font-weight: 400;\">L\u2019Europe transforme cette exigence de rigueur en une nouvelle r\u00e8gle du march\u00e9. La directive europ\u00e9enne visant \u00e0 donner aux consommateurs les moyens d\u2019agir en faveur de la transition \u00e9cologique, applicable \u00e0 partir du 27 septembre 2026, renforce la protection contre le\u00a0<\/span><i><span style=\"font-weight: 400;\">greenwashing<\/span><\/i><span style=\"font-weight: 400;\">\u00a0et contre les all\u00e9gations environnementales g\u00e9n\u00e9riques qui ne peuvent pas \u00eatre d\u00fbment justifi\u00e9es.<\/span><\/p>\n<h2>Le sac intervient au moment de v\u00e9rit\u00e9<\/h2>\n<p><span style=\"font-weight: 400;\">La remise du sac peut sembler \u00eatre un d\u00e9tail secondaire dans l\u2019exp\u00e9rience d\u2019achat. Elle intervient pourtant \u00e0 un moment particuli\u00e8rement significatif : lorsque le commerce ach\u00e8ve le service et que le client s\u2019appr\u00eate \u00e0 partir.<\/span><\/p>\n<p><span style=\"font-weight: 400;\">Demander s\u2019il a besoin d\u2019un sac \u00e9vite d\u2019en utiliser un inutilement et redonne de la valeur \u00e0 ce qui est remis.<\/span><\/p>\n<p><span style=\"font-weight: 400;\">Lorsqu\u2019il est n\u00e9cessaire, le sac doit remplir son r\u00f4le. Il doit s\u2019adapter aux achats, en faciliter le transport et prolonger, au-del\u00e0 du point de vente, l\u2019attention avec laquelle le commer\u00e7ant a servi le client.<\/span><\/p>\n<p><span style=\"font-weight: 400;\">Le sac accompagne la personne dans la rue, arrive jusque chez elle et peut \u00eatre r\u00e9utilis\u00e9. Pendant ce parcours, il rend \u00e9galement visible le commerce qui l\u2019a remis.<\/span><\/p>\n<p><span style=\"font-weight: 400;\">Il ne remplace ni un bon produit ni un bon service. Il ne suffit pas non plus, \u00e0 lui seul, \u00e0 d\u00e9montrer l\u2019ensemble de la politique environnementale d\u2019une entreprise. Mais il peut devenir une expression concr\u00e8te de ses principes.<\/span><\/p>\n<h2>La coh\u00e9rence avant la perfection<\/h2>\n<p><span style=\"font-weight: 400;\">Les nouveaux consommateurs n\u2019attendent pas n\u00e9cessairement des entreprises parfaites. Ils savent que toute activit\u00e9 \u00e9conomique utilise des ressources et g\u00e9n\u00e8re des impacts.<\/span><\/p>\n<p><span style=\"font-weight: 400;\">Ce qu\u2019ils rejettent de plus en plus clairement, c\u2019est l\u2019incoh\u00e9rence.<\/span><\/p>\n<p><span style=\"font-weight: 400;\">Ils se m\u00e9fient d\u2019une entreprise qui parle de durabilit\u00e9 tout en maintenant des pratiques qui ne correspondent pas \u00e0 ce discours. Et ils appr\u00e9cient celle qui explique simplement ce qu\u2019elle fait, reconna\u00eet ce qu\u2019elle doit encore am\u00e9liorer et prend des d\u00e9cisions compr\u00e9hensibles.<\/span><\/p>\n<p><span style=\"font-weight: 400;\">Le sac en papier peut participer de cette coh\u00e9rence.<\/span><\/p>\n<p><span style=\"font-weight: 400;\">Il n\u2019a pas besoin de promettre davantage que ce qu\u2019il est. Il lui suffit de bien remplir sa fonction, de provenir d\u2019une ressource renouvelable g\u00e9r\u00e9e de mani\u00e8re responsable, de pouvoir \u00eatre r\u00e9utilis\u00e9 lorsque son \u00e9tat le permet, puis d\u2019int\u00e9grer un syst\u00e8me de recyclage largement d\u00e9ploy\u00e9.<\/span><\/p>\n<p><span style=\"font-weight: 400;\">Le nouveau consommateur ne demande pas qu\u2019on le convainque \u00e0 grands renforts de mots.<\/span><\/p>\n<p><span style=\"font-weight: 400;\">Il veut v\u00e9rifier que chaque choix a du sens.<\/span><\/p>\n<\/div><\/div><\/div><\/div><\/div>\n","protected":false},"excerpt":{"rendered":"","protected":false},"author":3,"featured_media":7800,"comment_status":"open","ping_status":"open","sticky":false,"template":"","format":"standard","meta":{"footnotes":""},"categories":[55],"tags":[],"class_list":["post-7792","post","type-post","status-publish","format-standard","has-post-thumbnail","hentry","category-blog-fr"],"yoast_head":"<!-- This site is optimized with the Yoast SEO plugin v27.5 - https:\/\/yoast.com\/product\/yoast-seo-wordpress\/ -->\n<title>Les nouveaux consommateurs n\u2019ont pas d\u2019\u00e2ge - La bolsa de papel<\/title>\n<meta name=\"description\" content=\"Le PPWR s&#039;applique d\u00e8s le 12 ao\u00fbt 2026. D\u00e9couvrez ce qui change pour le sac en papier : d\u00e9claration de conformit\u00e9, recyclabilit\u00e9 mesurable et nouvel \u00e9tiquetage.\" \/>\n<meta name=\"robots\" content=\"index, follow, max-snippet:-1, max-image-preview:large, max-video-preview:-1\" \/>\n<link rel=\"canonical\" href=\"https:\/\/labolsadepapel.com\/fr\/les-nouveaux-consommateurs-nont-pas-age\/\" \/>\n<meta property=\"og:locale\" content=\"fr_FR\" \/>\n<meta property=\"og:type\" content=\"article\" \/>\n<meta property=\"og:title\" content=\"Les nouveaux consommateurs n\u2019ont pas d\u2019\u00e2ge - La bolsa de papel\" \/>\n<meta property=\"og:description\" content=\"Le PPWR s&#039;applique d\u00e8s le 12 ao\u00fbt 2026. D\u00e9couvrez ce qui change pour le sac en papier : d\u00e9claration de conformit\u00e9, recyclabilit\u00e9 mesurable et nouvel \u00e9tiquetage.\" \/>\n<meta property=\"og:url\" content=\"https:\/\/labolsadepapel.com\/fr\/les-nouveaux-consommateurs-nont-pas-age\/\" \/>\n<meta property=\"og:site_name\" content=\"La bolsa de papel\" \/>\n<meta property=\"article:publisher\" content=\"https:\/\/www.facebook.com\/Frenamos-El-Cambio-Clim%c3%a1tico-133523010060832\" \/>\n<meta property=\"article:published_time\" content=\"2026-09-04T08:13:04+00:00\" \/>\n<meta property=\"og:image\" content=\"https:\/\/labolsadepapel.com\/wp-content\/uploads\/2026\/09\/consumidores-diversas-edades.webp\" \/>\n\t<meta property=\"og:image:width\" content=\"1536\" \/>\n\t<meta property=\"og:image:height\" content=\"1024\" \/>\n\t<meta property=\"og:image:type\" content=\"image\/webp\" \/>\n<meta name=\"author\" content=\"Sergio S\u00e1nchez\" \/>\n<meta name=\"twitter:card\" content=\"summary_large_image\" \/>\n<meta name=\"twitter:creator\" content=\"@juegatupapel\" \/>\n<meta name=\"twitter:site\" content=\"@juegatupapel\" \/>\n<meta name=\"twitter:label1\" content=\"Written by\" \/>\n\t<meta name=\"twitter:data1\" content=\"Sergio S\u00e1nchez\" \/>\n\t<meta name=\"twitter:label2\" content=\"Est. reading time\" \/>\n\t<meta name=\"twitter:data2\" content=\"5 minutes\" \/>\n<script type=\"application\/ld+json\" class=\"yoast-schema-graph\">{\"@context\":\"https:\\\/\\\/schema.org\",\"@graph\":[{\"@type\":\"Article\",\"@id\":\"https:\\\/\\\/labolsadepapel.com\\\/fr\\\/les-nouveaux-consommateurs-nont-pas-age\\\/#article\",\"isPartOf\":{\"@id\":\"https:\\\/\\\/labolsadepapel.com\\\/fr\\\/les-nouveaux-consommateurs-nont-pas-age\\\/\"},\"author\":{\"name\":\"Sergio S\u00e1nchez\",\"@id\":\"https:\\\/\\\/labolsadepapel.com\\\/#\\\/schema\\\/person\\\/b82b1f40b23b40b3508d907f9e02d9fc\"},\"headline\":\"Les nouveaux consommateurs n\u2019ont pas d\u2019\u00e2ge\",\"datePublished\":\"2026-09-04T08:13:04+00:00\",\"mainEntityOfPage\":{\"@id\":\"https:\\\/\\\/labolsadepapel.com\\\/fr\\\/les-nouveaux-consommateurs-nont-pas-age\\\/\"},\"wordCount\":1509,\"commentCount\":0,\"image\":{\"@id\":\"https:\\\/\\\/labolsadepapel.com\\\/fr\\\/les-nouveaux-consommateurs-nont-pas-age\\\/#primaryimage\"},\"thumbnailUrl\":\"https:\\\/\\\/labolsadepapel.com\\\/wp-content\\\/uploads\\\/2026\\\/09\\\/consumidores-diversas-edades.webp\",\"articleSection\":[\"Blog\"],\"inLanguage\":\"fr-FR\",\"potentialAction\":[{\"@type\":\"CommentAction\",\"name\":\"Comment\",\"target\":[\"https:\\\/\\\/labolsadepapel.com\\\/fr\\\/les-nouveaux-consommateurs-nont-pas-age\\\/#respond\"]}]},{\"@type\":\"WebPage\",\"@id\":\"https:\\\/\\\/labolsadepapel.com\\\/fr\\\/les-nouveaux-consommateurs-nont-pas-age\\\/\",\"url\":\"https:\\\/\\\/labolsadepapel.com\\\/fr\\\/les-nouveaux-consommateurs-nont-pas-age\\\/\",\"name\":\"Les nouveaux consommateurs n\u2019ont pas d\u2019\u00e2ge - La bolsa de papel\",\"isPartOf\":{\"@id\":\"https:\\\/\\\/labolsadepapel.com\\\/#website\"},\"primaryImageOfPage\":{\"@id\":\"https:\\\/\\\/labolsadepapel.com\\\/fr\\\/les-nouveaux-consommateurs-nont-pas-age\\\/#primaryimage\"},\"image\":{\"@id\":\"https:\\\/\\\/labolsadepapel.com\\\/fr\\\/les-nouveaux-consommateurs-nont-pas-age\\\/#primaryimage\"},\"thumbnailUrl\":\"https:\\\/\\\/labolsadepapel.com\\\/wp-content\\\/uploads\\\/2026\\\/09\\\/consumidores-diversas-edades.webp\",\"datePublished\":\"2026-09-04T08:13:04+00:00\",\"author\":{\"@id\":\"https:\\\/\\\/labolsadepapel.com\\\/#\\\/schema\\\/person\\\/b82b1f40b23b40b3508d907f9e02d9fc\"},\"description\":\"Le PPWR s'applique d\u00e8s le 12 ao\u00fbt 2026. D\u00e9couvrez ce qui change pour le sac en papier : d\u00e9claration de conformit\u00e9, recyclabilit\u00e9 mesurable et nouvel \u00e9tiquetage.\",\"breadcrumb\":{\"@id\":\"https:\\\/\\\/labolsadepapel.com\\\/fr\\\/les-nouveaux-consommateurs-nont-pas-age\\\/#breadcrumb\"},\"inLanguage\":\"fr-FR\",\"potentialAction\":[{\"@type\":\"ReadAction\",\"target\":[\"https:\\\/\\\/labolsadepapel.com\\\/fr\\\/les-nouveaux-consommateurs-nont-pas-age\\\/\"]}]},{\"@type\":\"ImageObject\",\"inLanguage\":\"fr-FR\",\"@id\":\"https:\\\/\\\/labolsadepapel.com\\\/fr\\\/les-nouveaux-consommateurs-nont-pas-age\\\/#primaryimage\",\"url\":\"https:\\\/\\\/labolsadepapel.com\\\/wp-content\\\/uploads\\\/2026\\\/09\\\/consumidores-diversas-edades.webp\",\"contentUrl\":\"https:\\\/\\\/labolsadepapel.com\\\/wp-content\\\/uploads\\\/2026\\\/09\\\/consumidores-diversas-edades.webp\",\"width\":1536,\"height\":1024,\"caption\":\"Personas de de distintas edades, desde ni\u00f1os a ancianos, paseando con bolsas de papel\"},{\"@type\":\"BreadcrumbList\",\"@id\":\"https:\\\/\\\/labolsadepapel.com\\\/fr\\\/les-nouveaux-consommateurs-nont-pas-age\\\/#breadcrumb\",\"itemListElement\":[{\"@type\":\"ListItem\",\"position\":1,\"name\":\"Portada\",\"item\":\"https:\\\/\\\/labolsadepapel.com\\\/fr\\\/\"},{\"@type\":\"ListItem\",\"position\":2,\"name\":\"Les nouveaux consommateurs n\u2019ont pas d\u2019\u00e2ge\"}]},{\"@type\":\"WebSite\",\"@id\":\"https:\\\/\\\/labolsadepapel.com\\\/#website\",\"url\":\"https:\\\/\\\/labolsadepapel.com\\\/\",\"name\":\"La bolsa de papel\",\"description\":\"Con la bolsa juega tu papel\",\"potentialAction\":[{\"@type\":\"SearchAction\",\"target\":{\"@type\":\"EntryPoint\",\"urlTemplate\":\"https:\\\/\\\/labolsadepapel.com\\\/?s={search_term_string}\"},\"query-input\":{\"@type\":\"PropertyValueSpecification\",\"valueRequired\":true,\"valueName\":\"search_term_string\"}}],\"inLanguage\":\"fr-FR\"},{\"@type\":\"Person\",\"@id\":\"https:\\\/\\\/labolsadepapel.com\\\/#\\\/schema\\\/person\\\/b82b1f40b23b40b3508d907f9e02d9fc\",\"name\":\"Sergio S\u00e1nchez\",\"image\":{\"@type\":\"ImageObject\",\"inLanguage\":\"fr-FR\",\"@id\":\"https:\\\/\\\/secure.gravatar.com\\\/avatar\\\/9f13b7fe94ac362d638de722efb846c918d83788f99c1660dc2b9a1edff7a610?s=96&d=mm&r=g\",\"url\":\"https:\\\/\\\/secure.gravatar.com\\\/avatar\\\/9f13b7fe94ac362d638de722efb846c918d83788f99c1660dc2b9a1edff7a610?s=96&d=mm&r=g\",\"contentUrl\":\"https:\\\/\\\/secure.gravatar.com\\\/avatar\\\/9f13b7fe94ac362d638de722efb846c918d83788f99c1660dc2b9a1edff7a610?s=96&d=mm&r=g\",\"caption\":\"Sergio S\u00e1nchez\"}}]}<\/script>\n<!-- \/ Yoast SEO plugin. -->","yoast_head_json":{"title":"Les nouveaux consommateurs n\u2019ont pas d\u2019\u00e2ge - La bolsa de papel","description":"Le PPWR s'applique d\u00e8s le 12 ao\u00fbt 2026. D\u00e9couvrez ce qui change pour le sac en papier : d\u00e9claration de conformit\u00e9, recyclabilit\u00e9 mesurable et nouvel \u00e9tiquetage.","robots":{"index":"index","follow":"follow","max-snippet":"max-snippet:-1","max-image-preview":"max-image-preview:large","max-video-preview":"max-video-preview:-1"},"canonical":"https:\/\/labolsadepapel.com\/fr\/les-nouveaux-consommateurs-nont-pas-age\/","og_locale":"fr_FR","og_type":"article","og_title":"Les nouveaux consommateurs n\u2019ont pas d\u2019\u00e2ge - La bolsa de papel","og_description":"Le PPWR s'applique d\u00e8s le 12 ao\u00fbt 2026. D\u00e9couvrez ce qui change pour le sac en papier : d\u00e9claration de conformit\u00e9, recyclabilit\u00e9 mesurable et nouvel \u00e9tiquetage.","og_url":"https:\/\/labolsadepapel.com\/fr\/les-nouveaux-consommateurs-nont-pas-age\/","og_site_name":"La bolsa de papel","article_publisher":"https:\/\/www.facebook.com\/Frenamos-El-Cambio-Clim%c3%a1tico-133523010060832","article_published_time":"2026-09-04T08:13:04+00:00","og_image":[{"width":1536,"height":1024,"url":"https:\/\/labolsadepapel.com\/wp-content\/uploads\/2026\/09\/consumidores-diversas-edades.webp","type":"image\/webp"}],"author":"Sergio S\u00e1nchez","twitter_card":"summary_large_image","twitter_creator":"@juegatupapel","twitter_site":"@juegatupapel","twitter_misc":{"Written by":"Sergio S\u00e1nchez","Est. reading time":"5 minutes"},"schema":{"@context":"https:\/\/schema.org","@graph":[{"@type":"Article","@id":"https:\/\/labolsadepapel.com\/fr\/les-nouveaux-consommateurs-nont-pas-age\/#article","isPartOf":{"@id":"https:\/\/labolsadepapel.com\/fr\/les-nouveaux-consommateurs-nont-pas-age\/"},"author":{"name":"Sergio S\u00e1nchez","@id":"https:\/\/labolsadepapel.com\/#\/schema\/person\/b82b1f40b23b40b3508d907f9e02d9fc"},"headline":"Les nouveaux consommateurs n\u2019ont pas d\u2019\u00e2ge","datePublished":"2026-09-04T08:13:04+00:00","mainEntityOfPage":{"@id":"https:\/\/labolsadepapel.com\/fr\/les-nouveaux-consommateurs-nont-pas-age\/"},"wordCount":1509,"commentCount":0,"image":{"@id":"https:\/\/labolsadepapel.com\/fr\/les-nouveaux-consommateurs-nont-pas-age\/#primaryimage"},"thumbnailUrl":"https:\/\/labolsadepapel.com\/wp-content\/uploads\/2026\/09\/consumidores-diversas-edades.webp","articleSection":["Blog"],"inLanguage":"fr-FR","potentialAction":[{"@type":"CommentAction","name":"Comment","target":["https:\/\/labolsadepapel.com\/fr\/les-nouveaux-consommateurs-nont-pas-age\/#respond"]}]},{"@type":"WebPage","@id":"https:\/\/labolsadepapel.com\/fr\/les-nouveaux-consommateurs-nont-pas-age\/","url":"https:\/\/labolsadepapel.com\/fr\/les-nouveaux-consommateurs-nont-pas-age\/","name":"Les nouveaux consommateurs n\u2019ont pas d\u2019\u00e2ge - La bolsa de papel","isPartOf":{"@id":"https:\/\/labolsadepapel.com\/#website"},"primaryImageOfPage":{"@id":"https:\/\/labolsadepapel.com\/fr\/les-nouveaux-consommateurs-nont-pas-age\/#primaryimage"},"image":{"@id":"https:\/\/labolsadepapel.com\/fr\/les-nouveaux-consommateurs-nont-pas-age\/#primaryimage"},"thumbnailUrl":"https:\/\/labolsadepapel.com\/wp-content\/uploads\/2026\/09\/consumidores-diversas-edades.webp","datePublished":"2026-09-04T08:13:04+00:00","author":{"@id":"https:\/\/labolsadepapel.com\/#\/schema\/person\/b82b1f40b23b40b3508d907f9e02d9fc"},"description":"Le PPWR s'applique d\u00e8s le 12 ao\u00fbt 2026. D\u00e9couvrez ce qui change pour le sac en papier : d\u00e9claration de conformit\u00e9, recyclabilit\u00e9 mesurable et nouvel \u00e9tiquetage.","breadcrumb":{"@id":"https:\/\/labolsadepapel.com\/fr\/les-nouveaux-consommateurs-nont-pas-age\/#breadcrumb"},"inLanguage":"fr-FR","potentialAction":[{"@type":"ReadAction","target":["https:\/\/labolsadepapel.com\/fr\/les-nouveaux-consommateurs-nont-pas-age\/"]}]},{"@type":"ImageObject","inLanguage":"fr-FR","@id":"https:\/\/labolsadepapel.com\/fr\/les-nouveaux-consommateurs-nont-pas-age\/#primaryimage","url":"https:\/\/labolsadepapel.com\/wp-content\/uploads\/2026\/09\/consumidores-diversas-edades.webp","contentUrl":"https:\/\/labolsadepapel.com\/wp-content\/uploads\/2026\/09\/consumidores-diversas-edades.webp","width":1536,"height":1024,"caption":"Personas de de distintas edades, desde ni\u00f1os a ancianos, paseando con bolsas de papel"},{"@type":"BreadcrumbList","@id":"https:\/\/labolsadepapel.com\/fr\/les-nouveaux-consommateurs-nont-pas-age\/#breadcrumb","itemListElement":[{"@type":"ListItem","position":1,"name":"Portada","item":"https:\/\/labolsadepapel.com\/fr\/"},{"@type":"ListItem","position":2,"name":"Les nouveaux consommateurs n\u2019ont pas d\u2019\u00e2ge"}]},{"@type":"WebSite","@id":"https:\/\/labolsadepapel.com\/#website","url":"https:\/\/labolsadepapel.com\/","name":"La bolsa de papel","description":"Con la bolsa juega tu papel","potentialAction":[{"@type":"SearchAction","target":{"@type":"EntryPoint","urlTemplate":"https:\/\/labolsadepapel.com\/?s={search_term_string}"},"query-input":{"@type":"PropertyValueSpecification","valueRequired":true,"valueName":"search_term_string"}}],"inLanguage":"fr-FR"},{"@type":"Person","@id":"https:\/\/labolsadepapel.com\/#\/schema\/person\/b82b1f40b23b40b3508d907f9e02d9fc","name":"Sergio S\u00e1nchez","image":{"@type":"ImageObject","inLanguage":"fr-FR","@id":"https:\/\/secure.gravatar.com\/avatar\/9f13b7fe94ac362d638de722efb846c918d83788f99c1660dc2b9a1edff7a610?s=96&d=mm&r=g","url":"https:\/\/secure.gravatar.com\/avatar\/9f13b7fe94ac362d638de722efb846c918d83788f99c1660dc2b9a1edff7a610?s=96&d=mm&r=g","contentUrl":"https:\/\/secure.gravatar.com\/avatar\/9f13b7fe94ac362d638de722efb846c918d83788f99c1660dc2b9a1edff7a610?s=96&d=mm&r=g","caption":"Sergio S\u00e1nchez"}}]}},"_links":{"self":[{"href":"https:\/\/labolsadepapel.com\/fr\/wp-json\/wp\/v2\/posts\/7792","targetHints":{"allow":["GET"]}}],"collection":[{"href":"https:\/\/labolsadepapel.com\/fr\/wp-json\/wp\/v2\/posts"}],"about":[{"href":"https:\/\/labolsadepapel.com\/fr\/wp-json\/wp\/v2\/types\/post"}],"author":[{"embeddable":true,"href":"https:\/\/labolsadepapel.com\/fr\/wp-json\/wp\/v2\/users\/3"}],"replies":[{"embeddable":true,"href":"https:\/\/labolsadepapel.com\/fr\/wp-json\/wp\/v2\/comments?post=7792"}],"version-history":[{"count":1,"href":"https:\/\/labolsadepapel.com\/fr\/wp-json\/wp\/v2\/posts\/7792\/revisions"}],"predecessor-version":[{"id":7804,"href":"https:\/\/labolsadepapel.com\/fr\/wp-json\/wp\/v2\/posts\/7792\/revisions\/7804"}],"wp:featuredmedia":[{"embeddable":true,"href":"https:\/\/labolsadepapel.com\/fr\/wp-json\/wp\/v2\/media\/7800"}],"wp:attachment":[{"href":"https:\/\/labolsadepapel.com\/fr\/wp-json\/wp\/v2\/media?parent=7792"}],"wp:term":[{"taxonomy":"category","embeddable":true,"href":"https:\/\/labolsadepapel.com\/fr\/wp-json\/wp\/v2\/categories?post=7792"},{"taxonomy":"post_tag","embeddable":true,"href":"https:\/\/labolsadepapel.com\/fr\/wp-json\/wp\/v2\/tags?post=7792"}],"curies":[{"name":"wp","href":"https:\/\/api.w.org\/{rel}","templated":true}]}}